{"id":4402,"date":"2023-08-22T14:11:18","date_gmt":"2023-08-22T17:11:18","guid":{"rendered":"https:\/\/www.allstrategy.com\/es\/?p=4402"},"modified":"2023-09-01T09:48:29","modified_gmt":"2023-09-01T12:48:29","slug":"reforma-tributaria","status":"publish","type":"post","link":"https:\/\/www.allstrategy.com\/es\/reforma-tributaria\/","title":{"rendered":"Reforma tribut\u00e1ria: saiba o impacto sobre seu planejamento or\u00e7ament\u00e1rio\u00a0"},"content":{"rendered":"\n<p>A <strong>reforma tribut\u00e1ria<\/strong> \u00e9 um tema pertinente aos contribuintes brasileiros. O assunto levanta uma s\u00e9rie de discuss\u00f5es e opini\u00f5es, especialmente as relacionadas ao impacto que trar\u00e1.&nbsp;<\/p>\n\n\n\n<p>A ideia da nova reforma \u00e9 atrair mais olhares para dentro do pa\u00eds, aumentando o n\u00famero de capitais produtivos e colocando combust\u00edvel para que o crescimento econ\u00f4mico acelere nos pr\u00f3ximos anos.&nbsp;<\/p>\n\n\n\n<p>Nesse contexto, empres\u00e1rios(as) devem se manter atentos(as) sobre as mudan\u00e7as advindas da reforma tribut\u00e1ria, pois os efeitos delas ser\u00e3o sentidos dentro de muitos neg\u00f3cios, afetando at\u00e9 mesmo o planejamento or\u00e7ament\u00e1rio.<\/p>\n\n\n\n<p>A seguir, voc\u00ea confere o que \u00e9 a reforma tribut\u00e1ria, qual ser\u00e1 o impacto dela dentro das empresas e como se antecipar!&nbsp;<\/p>\n\n\n\n<p><strong>\u00cdndice \u2013 Neste artigo, voc\u00ea encontrar\u00e1:<\/strong>&nbsp;<\/p>\n\n\n\n<ol class=\"wp-block-list\" start=\"1\">\n<li><strong><a href=\"#o-que-muda\">O que muda com a reforma tribut\u00e1ria?<\/a><\/strong>&nbsp;<\/li>\n<\/ol>\n\n\n\n<ol class=\"wp-block-list\" start=\"2\">\n<li><a href=\"#impactos\"><strong>Principais impactos<\/strong>&nbsp;<\/a><\/li>\n<\/ol>\n\n\n\n<ol class=\"wp-block-list\" start=\"3\">\n<li><a href=\"#implica\u00e7oes\"><strong>As implica\u00e7\u00f5es sobre o seu planejamento or\u00e7ament\u00e1rio<\/strong>&nbsp;<\/a><\/li>\n<\/ol>\n\n\n\n<ol class=\"wp-block-list\" start=\"4\">\n<li><a href=\"#antecipe\"><strong>Como se antecipar \u00e0s novas mudan\u00e7as?<\/strong>&nbsp;<\/a><\/li>\n<\/ol>\n\n\n\n<ol class=\"wp-block-list\" start=\"5\">\n<li><a href=\"#fique-de-olho\"><strong>Fique de olho na reforma tribut\u00e1ria<\/strong>&nbsp;<\/a><\/li>\n<\/ol>\n\n\n\n<h2 class=\"wp-block-heading\" id=\"o-que-muda\">O que muda com a reforma tribut\u00e1ria?&nbsp;<\/h2>\n\n\n\n<p>O nome do processo \u00e9 bem literal, pois explicita que se trata de uma reformula\u00e7\u00e3o pol\u00edtico-econ\u00f4mica que pretende realizar altera\u00e7\u00f5es nas cobran\u00e7as de impostos, taxas e contribui\u00e7\u00f5es em todo o pa\u00eds.&nbsp;<\/p>\n\n\n\n<p>A reforma tribut\u00e1ria estava em discuss\u00e3o h\u00e1 aproximadamente 30 anos, mas somente em julho de 2023 a C\u00e2mara dos Deputados aprovou a primeira fase da altera\u00e7\u00e3o do recolhimento de tributos.&nbsp;<\/p>\n\n\n\n<p>Nessa fase, o foco principal \u00e9 sobre a reformula\u00e7\u00e3o da tributa\u00e7\u00e3o sobre o consumo. Sendo assim, alguns tributos ser\u00e3o extintos ou unificados para diminuir e desburocratizar procedimentos e, a partir da nova reforma, estar\u00e3o reunidos em um \u00fanico imposto.&nbsp;<\/p>\n\n\n\n<p>Os tributos <strong>extinguidos <\/strong>em todo o pa\u00eds s\u00e3o:&nbsp;<\/p>\n\n\n\n<ul class=\"wp-block-list\">\n<li>Programa de Integra\u00e7\u00e3o Social (PIS);&nbsp;<\/li>\n\n\n\n<li>Contribui\u00e7\u00e3o para o Financiamento da Seguridade Social (Cofins);&nbsp;<\/li>\n\n\n\n<li>Imposto sobre Produtos Industrializados (IPI).&nbsp;<\/li>\n<\/ul>\n\n\n\n<p>Os tr\u00eas itens acima ser\u00e3o substitu\u00eddos pela <strong>Contribui\u00e7\u00e3o sobre Bens e Servi\u00e7os<\/strong> (CBS).&nbsp;<\/p>\n\n\n\n<p>Outros dois impostos, estesestaduais e municipais, ser\u00e3o <strong>unificados<\/strong> e, ent\u00e3o, divididos em duas partes. S\u00e3o eles:&nbsp;<\/p>\n\n\n\n<ul class=\"wp-block-list\">\n<li><strong>Imposto sobre a Circula\u00e7\u00e3o de Mercadorias e Servi\u00e7os<\/strong> (ICMS);&nbsp;<\/li>\n\n\n\n<li><strong>Imposto sobre Servi\u00e7os<\/strong> (ISS).&nbsp;<\/li>\n<\/ul>\n\n\n\n<p>A arrecada\u00e7\u00e3o do ICMS e ISS dar\u00e1 lugar ao<strong> Imposto sobre Valor Agregado<\/strong> (IVA). Por sua vez, o IVA ser\u00e1 dividido em duas partes: o <strong>Imposto sobre Bens e Servi\u00e7os<\/strong> (IBS) e Contribui\u00e7\u00e3o Sobre Bens e Servi\u00e7os (CBS).<\/p>\n\n\n\n<h2 class=\"wp-block-heading\" id=\"impactos\">Principais impactos&nbsp;<\/h2>\n\n\n\n<p>Diante das mudan\u00e7as propostas, alguns setores de servi\u00e7os ser\u00e3o profundamente impactados, o que gera certa apreens\u00e3o e expectativa na popula\u00e7\u00e3o em geral.&nbsp;<\/p>\n\n\n\n<p>Com as mudan\u00e7as nas al\u00edquotas de impostos, cestas b\u00e1sicas e rem\u00e9dios, por exemplo, podem ter seus pre\u00e7os reduzidos e se tornarem mais acess\u00edveis aos consumidores finais.&nbsp;<\/p>\n\n\n\n<p>Os empreendedores de empresas de m\u00e9dio porte, de modo geral, poder\u00e3o ver os benef\u00edcios em forma de otimiza\u00e7\u00e3o de tempo e esfor\u00e7os para cumprir as obriga\u00e7\u00f5es tribut\u00e1rias, al\u00e9m de gastar menor tempo para realiz\u00e1-las. Micro e pequenas empresas, por outro lado, n\u00e3o devem ser afetadas pela reforma tribut\u00e1ria.&nbsp;<\/p>\n\n\n\n<p>O setor de servi\u00e7os, que sofre com o ac\u00famulo de tributa\u00e7\u00e3o, deve ser outro beneficiado pela reforma, assegurando ganhos e crescimento para um setor t\u00e3o importante dentro da economia brasileira.&nbsp;<\/p>\n\n\n\n<p><strong>Leia tamb\u00e9m<\/strong>: <a href=\"https:\/\/www-h.allstrategy.com.br\/gestao-empresarial-e-impostos-como-reduzir-a-burocracia-com-a-automacao\/%22%20\/t%20%22_self\" target=\"_blank\" rel=\"noreferrer noopener\">Gest\u00e3o empresarial e impostos: como reduzir a burocracia com a automa\u00e7\u00e3o<\/a>&nbsp;<\/p>\n\n\n\n<h2 class=\"wp-block-heading\" id=\"implica\u00e7oes\">As implica\u00e7\u00f5es sobre o seu planejamento or\u00e7ament\u00e1rio&nbsp;<\/h2>\n\n\n\n<p>O processo de <a href=\"https:\/\/www-h.allstrategy.com.br\/planejamento-orcamentario-como-decidir-qual-despesa-cortar\/\" target=\"_blank\" rel=\"noreferrer noopener\">planejamento or\u00e7ament\u00e1rio<\/a> define onde e como ser\u00e3o investidos os recursos de uma empresa, por isso, \u00e9 parte essencial das gest\u00f5es empresariais.&nbsp;&nbsp;&nbsp;<\/p>\n\n\n\n<p>Esse planejamento ser\u00e1 diretamente afetado pela reforma tribut\u00e1ria. Isso porque calcular o or\u00e7amento \u00e9 sin\u00f4nimo de prever as prov\u00e1veis entradas e sa\u00eddas de capital dentro de um recorte de tempo. Deste modo, incluem-se tamb\u00e9m os gastos dos pagamentos tribut\u00e1rios.&nbsp;<\/p>\n\n\n\n<p>Planejar seu or\u00e7amento traz clareza n\u00e3o apenas sobre o futuro do neg\u00f3cio, mas, tamb\u00e9m, em rela\u00e7\u00e3o ao presente.&nbsp;<\/p>\n\n\n\n<p>Diante das informa\u00e7\u00f5es divulgadas sobre como a reforma tribut\u00e1ria mudar\u00e1 os par\u00e2metros de recolhimento dos impostos, \u00e9 preciso conhecer e considerar cada um, desde j\u00e1, em qualquer or\u00e7amento feito.&nbsp;<\/p>\n\n\n\n<h2 class=\"wp-block-heading\" id=\"antecipe\">Como se antecipar \u00e0s novas mudan\u00e7as?&nbsp;<\/h2>\n\n\n\n<p>Uma das d\u00favidas mais comuns \u00e9 sobre quando a nova reforma tribut\u00e1ria entrar\u00e1 em vigor. Vale ressaltar que n\u00e3o \u00e9 uma mudan\u00e7a imediata, pelo contr\u00e1rio, levar\u00e1 alguns anos para ser implementada integralmente.&nbsp;Contudo, como vimos acima, \u00e9 preciso acompanhar cada etapa para evitar surpresas negativas.&nbsp;<\/p>\n\n\n\n<p>Veja abaixo o calend\u00e1rio previsto para a unifica\u00e7\u00e3o dos impostos:&nbsp;<\/p>\n\n\n\n<ul class=\"wp-block-list\">\n<li><strong>2026:<\/strong> unifica\u00e7\u00e3o dos impostos, onde uma al\u00edquota \u00fanica de teste ser\u00e1 implementada no valor de 0,9% para o IVA federal, e de 0,1% para o IVA estadual;&nbsp;<\/li>\n<\/ul>\n\n\n\n<ul class=\"wp-block-list\">\n<li><strong>2027:<\/strong> a nova CBS passa a vigorar em sua totalidade. Com isso, PIS e Cofins ficar\u00e3o extintos;<\/li>\n\n\n\n<li><strong>2028:<\/strong> \u00faltimo per\u00edodo de vig\u00eancia do ICMS e ISS antes da unifica\u00e7\u00e3o e transforma\u00e7\u00e3o em IBS;<\/li>\n\n\n\n<li><strong>2029 a 2032:<\/strong> a tend\u00eancia \u00e9 que as al\u00edquotas de ICMS e ISS diminuam at\u00e9 2033, ano no qual o IBS estar\u00e1 permanente e completamente em vigor.&nbsp;<\/li>\n<\/ul>\n\n\n\n<p>Para acompanhar os dados, a evolu\u00e7\u00e3o e eventuais mudan\u00e7as durante os pr\u00f3ximos anos, ser\u00e1 necess\u00e1rio manter uma boa gest\u00e3o e lan\u00e7ar m\u00e3o de ferramentas que auxiliem nesses processos, como o<strong> <\/strong><a href=\"https:\/\/www-h.allstrategy.com.br\/allstrategy-plano\/\" target=\"_blank\" rel=\"noreferrer noopener\">AllStrategy Plano<\/a>.&nbsp;<\/p>\n\n\n\n<p>O software da <a href=\"https:\/\/www-h.allstrategy.com.br\/\">AllStrategy<\/a> simula diversos cen\u00e1rios poss\u00edveis, dos mais otimistas aos mais pessimistas, com dados claros e em tempo real. Dessa forma, voc\u00ea e sua empresa n\u00e3o perdem tempo preenchendo planilhas que podem conter erros e atrasar o cronograma.&nbsp;<\/p>\n\n\n\n<h2 class=\"wp-block-heading\" id=\"fique-de-olho\">Fique de olho na reforma tribut\u00e1ria&nbsp;<\/h2>\n\n\n\n<p>Como vimos ao longo do artigo, fica evidente a import\u00e2ncia de manter-se ligado(a) em todos os detalhes da reforma tribut\u00e1ria, pois ela trar\u00e1 mudan\u00e7as significativas para o or\u00e7amento das empresas.&nbsp;<\/p>\n\n\n\n<p>Conhe\u00e7a agora mesmo o <a href=\"https:\/\/www-h.allstrategy.com.br\/allstrategy-plano\/\" target=\"_blank\" rel=\"noreferrer noopener\">Allstrategy Plano<\/a> e saiba como nosso software de controladoria pode te ajudar, por meio do m\u00f3dulo de cen\u00e1rio, planejamento or\u00e7ament\u00e1rio e muito mais!&nbsp;&nbsp;<\/p>\n","protected":false},"excerpt":{"rendered":"<p>A reforma tribut\u00e1ria \u00e9 um tema pertinente aos contribuintes brasileiros. O assunto levanta uma s\u00e9rie de discuss\u00f5es e opini\u00f5es, especialmente as relacionadas ao impacto que trar\u00e1.&nbsp; A ideia da nova reforma \u00e9 atrair mais olhares para dentro do pa\u00eds, aumentando o n\u00famero de capitais produtivos e colocando combust\u00edvel para que o crescimento econ\u00f4mico acelere nos [&hellip;]<\/p>\n","protected":false},"author":6,"featured_media":4445,"comment_status":"closed","ping_status":"closed","sticky":false,"template":"","format":"standard","meta":{"footnotes":""},"categories":[35,8],"tags":[23,12,11],"class_list":["post-4402","post","type-post","status-publish","format-standard","has-post-thumbnail","hentry","category-controladoria","category-planejamento-orcamentario","tag-controladoria","tag-gestao-orcamentaria","tag-planejamento-orcamentario"],"yoast_head":"<!-- This site is optimized with the Yoast SEO plugin v21.5 - https:\/\/yoast.com\/wordpress\/plugins\/seo\/ -->\n<title>Reforma tribut\u00e1ria: saiba o impacto sobre seu planejamento or\u00e7ament\u00e1rio\u00a0 - AllStrategy<\/title>\n<meta name=\"description\" content=\"A Nova Reforma Tribut\u00e1ria levar\u00e1 alguns anos para come\u00e7ar a valer, mas \u00e9 preciso se antecipar a ela! Acesse o artigo e saiba como.\" \/>\n<meta name=\"robots\" content=\"index, follow, max-snippet:-1, max-image-preview:large, max-video-preview:-1\" \/>\n<link rel=\"canonical\" href=\"https:\/\/www.allstrategy.com\/es\/reforma-tributaria\/\" \/>\n<meta property=\"og:locale\" content=\"pt_BR\" \/>\n<meta property=\"og:type\" content=\"article\" \/>\n<meta property=\"og:title\" content=\"Reforma tribut\u00e1ria: saiba o impacto sobre seu planejamento or\u00e7ament\u00e1rio\u00a0 - AllStrategy\" \/>\n<meta property=\"og:description\" content=\"A Nova Reforma Tribut\u00e1ria levar\u00e1 alguns anos para come\u00e7ar a valer, mas \u00e9 preciso se antecipar a ela! Acesse o artigo e saiba como.\" \/>\n<meta property=\"og:url\" content=\"https:\/\/www.allstrategy.com\/es\/reforma-tributaria\/\" \/>\n<meta property=\"og:site_name\" content=\"AllStrategy\" \/>\n<meta property=\"article:publisher\" content=\"https:\/\/www.facebook.com\/allstrategy.software\/\" \/>\n<meta property=\"article:published_time\" content=\"2023-08-22T17:11:18+00:00\" \/>\n<meta property=\"article:modified_time\" content=\"2023-09-01T12:48:29+00:00\" \/>\n<meta property=\"og:image\" content=\"https:\/\/www.allstrategy.com\/es\/wp-content\/uploads\/2023\/08\/Reforma-tributaria_blog.png\" \/>\n\t<meta property=\"og:image:width\" content=\"1000\" \/>\n\t<meta property=\"og:image:height\" content=\"447\" \/>\n\t<meta property=\"og:image:type\" content=\"image\/png\" \/>\n<meta name=\"author\" content=\"Dayane Ferreira\" \/>\n<meta name=\"twitter:card\" content=\"summary_large_image\" \/>\n<meta name=\"twitter:label1\" content=\"Escrito por\" \/>\n\t<meta name=\"twitter:data1\" content=\"Dayane Ferreira\" \/>\n\t<meta name=\"twitter:label2\" content=\"Est. tempo de leitura\" \/>\n\t<meta name=\"twitter:data2\" content=\"5 minutos\" \/>\n<script type=\"application\/ld+json\" class=\"yoast-schema-graph\">{\"@context\":\"https:\/\/schema.org\",\"@graph\":[{\"@type\":\"WebPage\",\"@id\":\"https:\/\/www.allstrategy.com\/es\/reforma-tributaria\/\",\"url\":\"https:\/\/www.allstrategy.com\/es\/reforma-tributaria\/\",\"name\":\"Reforma tribut\u00e1ria: saiba o impacto sobre seu planejamento or\u00e7ament\u00e1rio\u00a0 - AllStrategy\",\"isPartOf\":{\"@id\":\"https:\/\/www.allstrategy.com\/es\/#website\"},\"datePublished\":\"2023-08-22T17:11:18+00:00\",\"dateModified\":\"2023-09-01T12:48:29+00:00\",\"author\":{\"@id\":\"https:\/\/www.allstrategy.com\/es\/#\/schema\/person\/906238d9efed5c730426c4baddbec793\"},\"description\":\"A Nova Reforma Tribut\u00e1ria levar\u00e1 alguns anos para come\u00e7ar a valer, mas \u00e9 preciso se antecipar a ela! Acesse o artigo e saiba como.\",\"breadcrumb\":{\"@id\":\"https:\/\/www.allstrategy.com\/es\/reforma-tributaria\/#breadcrumb\"},\"inLanguage\":\"pt-BR\",\"potentialAction\":[{\"@type\":\"ReadAction\",\"target\":[\"https:\/\/www.allstrategy.com\/es\/reforma-tributaria\/\"]}]},{\"@type\":\"BreadcrumbList\",\"@id\":\"https:\/\/www.allstrategy.com\/es\/reforma-tributaria\/#breadcrumb\",\"itemListElement\":[{\"@type\":\"ListItem\",\"position\":1,\"name\":\"In\u00edcio\",\"item\":\"https:\/\/www.allstrategy.com\/es\/\"},{\"@type\":\"ListItem\",\"position\":2,\"name\":\"Reforma tribut\u00e1ria: saiba o impacto sobre seu planejamento or\u00e7ament\u00e1rio\u00a0\"}]},{\"@type\":\"WebSite\",\"@id\":\"https:\/\/www.allstrategy.com\/es\/#website\",\"url\":\"https:\/\/www.allstrategy.com\/es\/\",\"name\":\"AllStrategy - Softwares para Planejamento Or\u00e7ament\u00e1rio e Fluxo de Caixa\",\"description\":\"Softwares para Gest\u00e3o Financeira\",\"potentialAction\":[{\"@type\":\"SearchAction\",\"target\":{\"@type\":\"EntryPoint\",\"urlTemplate\":\"https:\/\/www.allstrategy.com\/es\/?s={search_term_string}\"},\"query-input\":\"required name=search_term_string\"}],\"inLanguage\":\"pt-BR\"},{\"@type\":\"Person\",\"@id\":\"https:\/\/www.allstrategy.com\/es\/#\/schema\/person\/906238d9efed5c730426c4baddbec793\",\"name\":\"Dayane Ferreira\",\"url\":\"https:\/\/www.allstrategy.com\/es\/author\/dayane-ferreira\/\"}]}<\/script>\n<!-- \/ Yoast SEO plugin. -->","yoast_head_json":{"title":"Reforma tribut\u00e1ria: saiba o impacto sobre seu planejamento or\u00e7ament\u00e1rio\u00a0 - AllStrategy","description":"A Nova Reforma Tribut\u00e1ria levar\u00e1 alguns anos para come\u00e7ar a valer, mas \u00e9 preciso se antecipar a ela! Acesse o artigo e saiba como.","robots":{"index":"index","follow":"follow","max-snippet":"max-snippet:-1","max-image-preview":"max-image-preview:large","max-video-preview":"max-video-preview:-1"},"canonical":"https:\/\/www.allstrategy.com\/es\/reforma-tributaria\/","og_locale":"pt_BR","og_type":"article","og_title":"Reforma tribut\u00e1ria: saiba o impacto sobre seu planejamento or\u00e7ament\u00e1rio\u00a0 - AllStrategy","og_description":"A Nova Reforma Tribut\u00e1ria levar\u00e1 alguns anos para come\u00e7ar a valer, mas \u00e9 preciso se antecipar a ela! Acesse o artigo e saiba como.","og_url":"https:\/\/www.allstrategy.com\/es\/reforma-tributaria\/","og_site_name":"AllStrategy","article_publisher":"https:\/\/www.facebook.com\/allstrategy.software\/","article_published_time":"2023-08-22T17:11:18+00:00","article_modified_time":"2023-09-01T12:48:29+00:00","og_image":[{"width":1000,"height":447,"url":"https:\/\/www.allstrategy.com\/es\/wp-content\/uploads\/2023\/08\/Reforma-tributaria_blog.png","type":"image\/png"}],"author":"Dayane Ferreira","twitter_card":"summary_large_image","twitter_misc":{"Escrito por":"Dayane Ferreira","Est. tempo de leitura":"5 minutos"},"schema":{"@context":"https:\/\/schema.org","@graph":[{"@type":"WebPage","@id":"https:\/\/www.allstrategy.com\/es\/reforma-tributaria\/","url":"https:\/\/www.allstrategy.com\/es\/reforma-tributaria\/","name":"Reforma tribut\u00e1ria: saiba o impacto sobre seu planejamento or\u00e7ament\u00e1rio\u00a0 - AllStrategy","isPartOf":{"@id":"https:\/\/www.allstrategy.com\/es\/#website"},"datePublished":"2023-08-22T17:11:18+00:00","dateModified":"2023-09-01T12:48:29+00:00","author":{"@id":"https:\/\/www.allstrategy.com\/es\/#\/schema\/person\/906238d9efed5c730426c4baddbec793"},"description":"A Nova Reforma Tribut\u00e1ria levar\u00e1 alguns anos para come\u00e7ar a valer, mas \u00e9 preciso se antecipar a ela! Acesse o artigo e saiba como.","breadcrumb":{"@id":"https:\/\/www.allstrategy.com\/es\/reforma-tributaria\/#breadcrumb"},"inLanguage":"pt-BR","potentialAction":[{"@type":"ReadAction","target":["https:\/\/www.allstrategy.com\/es\/reforma-tributaria\/"]}]},{"@type":"BreadcrumbList","@id":"https:\/\/www.allstrategy.com\/es\/reforma-tributaria\/#breadcrumb","itemListElement":[{"@type":"ListItem","position":1,"name":"In\u00edcio","item":"https:\/\/www.allstrategy.com\/es\/"},{"@type":"ListItem","position":2,"name":"Reforma tribut\u00e1ria: saiba o impacto sobre seu planejamento or\u00e7ament\u00e1rio\u00a0"}]},{"@type":"WebSite","@id":"https:\/\/www.allstrategy.com\/es\/#website","url":"https:\/\/www.allstrategy.com\/es\/","name":"AllStrategy - Softwares para Planejamento Or\u00e7ament\u00e1rio e Fluxo de Caixa","description":"Softwares para Gest\u00e3o Financeira","potentialAction":[{"@type":"SearchAction","target":{"@type":"EntryPoint","urlTemplate":"https:\/\/www.allstrategy.com\/es\/?s={search_term_string}"},"query-input":"required name=search_term_string"}],"inLanguage":"pt-BR"},{"@type":"Person","@id":"https:\/\/www.allstrategy.com\/es\/#\/schema\/person\/906238d9efed5c730426c4baddbec793","name":"Dayane Ferreira","url":"https:\/\/www.allstrategy.com\/es\/author\/dayane-ferreira\/"}]}},"_links":{"self":[{"href":"https:\/\/www.allstrategy.com\/es\/wp-json\/wp\/v2\/posts\/4402","targetHints":{"allow":["GET"]}}],"collection":[{"href":"https:\/\/www.allstrategy.com\/es\/wp-json\/wp\/v2\/posts"}],"about":[{"href":"https:\/\/www.allstrategy.com\/es\/wp-json\/wp\/v2\/types\/post"}],"author":[{"embeddable":true,"href":"https:\/\/www.allstrategy.com\/es\/wp-json\/wp\/v2\/users\/6"}],"replies":[{"embeddable":true,"href":"https:\/\/www.allstrategy.com\/es\/wp-json\/wp\/v2\/comments?post=4402"}],"version-history":[{"count":2,"href":"https:\/\/www.allstrategy.com\/es\/wp-json\/wp\/v2\/posts\/4402\/revisions"}],"predecessor-version":[{"id":4446,"href":"https:\/\/www.allstrategy.com\/es\/wp-json\/wp\/v2\/posts\/4402\/revisions\/4446"}],"wp:featuredmedia":[{"embeddable":true,"href":"https:\/\/www.allstrategy.com\/es\/wp-json\/wp\/v2\/media\/4445"}],"wp:attachment":[{"href":"https:\/\/www.allstrategy.com\/es\/wp-json\/wp\/v2\/media?parent=4402"}],"wp:term":[{"taxonomy":"category","embeddable":true,"href":"https:\/\/www.allstrategy.com\/es\/wp-json\/wp\/v2\/categories?post=4402"},{"taxonomy":"post_tag","embeddable":true,"href":"https:\/\/www.allstrategy.com\/es\/wp-json\/wp\/v2\/tags?post=4402"}],"curies":[{"name":"wp","href":"https:\/\/api.w.org\/{rel}","templated":true}]}}