{"id":3118,"date":"2023-07-14T15:54:50","date_gmt":"2023-07-14T18:54:50","guid":{"rendered":"https:\/\/www.allstrategy.com\/es\/planejamento-de-ferias-empresariais-otimize-a-sua-gestao-orcamentaria\/"},"modified":"2023-08-30T15:47:24","modified_gmt":"2023-08-30T18:47:24","slug":"planejamento-de-ferias-empresariais-otimize-a-sua-gestao-orcamentaria","status":"publish","type":"post","link":"https:\/\/www.allstrategy.com\/es\/planejamento-de-ferias-empresariais-otimize-a-sua-gestao-orcamentaria\/","title":{"rendered":"Planejamento de f\u00e9rias empresariais: Otimize a sua gest\u00e3o or\u00e7ament\u00e1ria"},"content":{"rendered":"<p>\u00c9 quase un\u00e2nime. Todo o final de ano, as pessoas arrumam as malas e v\u00e3o descansar junto com a fam\u00edlia, conhecer lugares diferentes, fazer turismo ecol\u00f3gico ou alguma viagem qualquer. De qualquer forma, \u00e9 nessa \u00e9poca de festividades de encerramento do ano em que a maioria das pessoas costumam tirar f\u00e9rias, para conciliar com o recesso escolar ou f\u00e9rias coletivas de demais empresas.<\/p>\n<p>No entanto, o que acontece se a empresa der as f\u00e9rias para muitos colaboradores ao mesmo tempo?<\/p>\n<h2>Planejamento de f\u00e9rias<\/h2>\n<p>Operacionalmente, a empresa precisa se organizar para planejar as f\u00e9rias dos colaboradores em meses estrat\u00e9gicos com uma menor demanda de trabalho, para n\u00e3o sobrecarregar os demais funcion\u00e1rios, nem comprometer o funcionamento da institui\u00e7\u00e3o.<\/p>\n<p>Financeiramente, profissionais de controladoria e gest\u00e3o precisam realizar o planejamento de f\u00e9rias para que o pagamento do sal\u00e1rio trabalhado, o adiantado e mais 1\/3 referente as f\u00e9rias, n\u00e3o comprometa o fluxo de caixa da empresa.<\/p>\n<p>Quando a institui\u00e7\u00e3o n\u00e3o possui um quadro grande de colaboradores, \u00e9 mais f\u00e1cil de administrar tais despesas de folha. No entanto, se a empresa possui muitos funcion\u00e1rios, o <a href=\"https:\/\/www.allstrategy.com\/es\/blog\/planejamento-de-rh\">planejamento de RH<\/a> \u00e9 um recurso indispens\u00e1vel para uma <a href=\"https:\/\/www.allstrategy.com\/es\/blog\/gestao-orcamentaria\">gest\u00e3o or\u00e7ament\u00e1ria<\/a> eficiente.<\/p>\n<h2>Solu\u00e7\u00e3o tecnol\u00f3gica<\/h2>\n<p>Para realizar a proje\u00e7\u00e3o da folha de pagamento e ainda o planejamento or\u00e7ament\u00e1rio da empresa com muito mais assertividade, muitos gestores est\u00e3o utilizando aplicativos de gest\u00e3o financeira que possibilitam a an\u00e1lise de DRE criteriosa, a determina\u00e7\u00e3o os indicadores de desempenho, o desenvolvimento de planos de a\u00e7\u00e3o, proje\u00e7\u00e3o de cen\u00e1rios,<em> forecast<\/em>, entre outros recursos.<\/p>\n<p>Al\u00e9m do planejamento econ\u00f4mico, tal ferramenta \u00e9 capaz de auxiliar na proje\u00e7\u00e3o de vendas, no planejamento de investimentos e na proje\u00e7\u00e3o de volumes e custos, com mais envolvimento da equipe e muito mais controle por parte do gestor. \u00c9 mais seguro, visto que n\u00e3o h\u00e1 perda de dados, toda a movimenta\u00e7\u00e3o fica registrada e com a possibilidade de armazenamento na nuvem, o que proporciona muito mais mobilidade ao administrador.<\/p>\n<p>Para um melhor gerenciamento financeiro empresarial, gest\u00e3o inteligente de despesas e <a href=\"https:\/\/www.allstrategy.com\/es\/blog\/orcamento-empresarial-saiba-como-gerir-o-budget-de-forma-inteligente\">controle de budget<\/a>, os softwares de gest\u00e3o or\u00e7ament\u00e1ria t\u00eam se mostrado pe\u00e7as-chaves para uma gest\u00e3o financeira eficaz, al\u00e9m de um or\u00e7amento empresarial assertivo. Vale a pena pesquisar a respeito.<\/p>\n<p><a href=\"https:\/\/www.allstrategy.com\/es\/allstrategy-plano\/\"><img loading=\"lazy\" decoding=\"async\" class=\"alignnone size-full wp-image-3678\" src=\"https:\/\/www.allstrategy.com\/es\/wp-content\/uploads\/2023\/07\/Software-Alstrategy-Plano.webp\" alt=\"Software Alstrategy Plano\" width=\"800\" height=\"270\" srcset=\"https:\/\/www.allstrategy.com\/es\/wp-content\/uploads\/2023\/07\/Software-Alstrategy-Plano.webp 800w, https:\/\/www.allstrategy.com\/es\/wp-content\/uploads\/2023\/07\/Software-Alstrategy-Plano-300x101.webp 300w, https:\/\/www.allstrategy.com\/es\/wp-content\/uploads\/2023\/07\/Software-Alstrategy-Plano-768x259.webp 768w\" sizes=\"auto, (max-width: 800px) 100vw, 800px\" \/><\/a><\/p>\n","protected":false},"excerpt":{"rendered":"<p>\u00c9 quase un\u00e2nime. Todo o final de ano, as pessoas arrumam as malas e v\u00e3o descansar junto com a fam\u00edlia, conhecer lugares diferentes, fazer turismo ecol\u00f3gico ou alguma viagem qualquer. De qualquer forma, \u00e9 nessa \u00e9poca de festividades de encerramento do ano em que a maioria das pessoas costumam tirar f\u00e9rias, para conciliar com o recesso escolar ou f\u00e9rias coletivas de demais empresas.<\/p>\n","protected":false},"author":2,"featured_media":3119,"comment_status":"open","ping_status":"open","sticky":false,"template":"","format":"standard","meta":{"footnotes":""},"categories":[1,35],"tags":[97,94],"class_list":["post-3118","post","type-post","status-publish","format-standard","has-post-thumbnail","hentry","category-blog","category-controladoria","tag-ferias-empresariais","tag-planejamento"],"yoast_head":"<!-- This site is optimized with the Yoast SEO plugin v21.5 - https:\/\/yoast.com\/wordpress\/plugins\/seo\/ -->\n<title>Planejamento de f\u00e9rias empresariais: Otimize a sua gest\u00e3o or\u00e7ament\u00e1ria - AllStrategy<\/title>\n<meta name=\"description\" content=\"Operacionalmente, a empresa precisa se organizar para planejar as f\u00e9rias dos colaboradores em meses estrat\u00e9gicos\" \/>\n<meta name=\"robots\" content=\"index, follow, max-snippet:-1, max-image-preview:large, max-video-preview:-1\" \/>\n<link rel=\"canonical\" href=\"https:\/\/www.allstrategy.com\/es\/planejamento-de-ferias-empresariais-otimize-a-sua-gestao-orcamentaria\/\" \/>\n<meta property=\"og:locale\" content=\"pt_BR\" \/>\n<meta property=\"og:type\" content=\"article\" \/>\n<meta property=\"og:title\" content=\"Planejamento de f\u00e9rias empresariais: Otimize a sua gest\u00e3o or\u00e7ament\u00e1ria - AllStrategy\" \/>\n<meta property=\"og:description\" content=\"Operacionalmente, a empresa precisa se organizar para planejar as f\u00e9rias dos colaboradores em meses estrat\u00e9gicos\" \/>\n<meta property=\"og:url\" content=\"https:\/\/www.allstrategy.com\/es\/planejamento-de-ferias-empresariais-otimize-a-sua-gestao-orcamentaria\/\" \/>\n<meta property=\"og:site_name\" content=\"AllStrategy\" \/>\n<meta property=\"article:publisher\" content=\"https:\/\/www.facebook.com\/allstrategy.software\/\" \/>\n<meta property=\"article:published_time\" content=\"2023-07-14T18:54:50+00:00\" \/>\n<meta property=\"article:modified_time\" content=\"2023-08-30T18:47:24+00:00\" \/>\n<meta property=\"og:image\" content=\"https:\/\/www.allstrategy.com\/es\/wp-content\/uploads\/2023\/07\/vIojGsuts3l5n2Fpu0ig.jpg\" \/>\n\t<meta property=\"og:image:width\" content=\"1000\" \/>\n\t<meta property=\"og:image:height\" content=\"447\" \/>\n\t<meta property=\"og:image:type\" content=\"image\/jpeg\" \/>\n<meta name=\"author\" content=\"AllStrategy\" \/>\n<meta name=\"twitter:card\" content=\"summary_large_image\" \/>\n<meta name=\"twitter:label1\" content=\"Escrito por\" \/>\n\t<meta name=\"twitter:data1\" content=\"AllStrategy\" \/>\n\t<meta name=\"twitter:label2\" content=\"Est. tempo de leitura\" \/>\n\t<meta name=\"twitter:data2\" content=\"3 minutos\" \/>\n<script type=\"application\/ld+json\" class=\"yoast-schema-graph\">{\"@context\":\"https:\/\/schema.org\",\"@graph\":[{\"@type\":\"WebPage\",\"@id\":\"https:\/\/www.allstrategy.com\/es\/planejamento-de-ferias-empresariais-otimize-a-sua-gestao-orcamentaria\/\",\"url\":\"https:\/\/www.allstrategy.com\/es\/planejamento-de-ferias-empresariais-otimize-a-sua-gestao-orcamentaria\/\",\"name\":\"Planejamento de f\u00e9rias empresariais: Otimize a sua gest\u00e3o or\u00e7ament\u00e1ria - AllStrategy\",\"isPartOf\":{\"@id\":\"https:\/\/www.allstrategy.com\/es\/#website\"},\"datePublished\":\"2023-07-14T18:54:50+00:00\",\"dateModified\":\"2023-08-30T18:47:24+00:00\",\"author\":{\"@id\":\"https:\/\/www.allstrategy.com\/es\/#\/schema\/person\/7561a291a6f860a8f6581787b8cfb27c\"},\"description\":\"Operacionalmente, a empresa precisa se organizar para planejar as f\u00e9rias dos colaboradores em meses estrat\u00e9gicos\",\"breadcrumb\":{\"@id\":\"https:\/\/www.allstrategy.com\/es\/planejamento-de-ferias-empresariais-otimize-a-sua-gestao-orcamentaria\/#breadcrumb\"},\"inLanguage\":\"pt-BR\",\"potentialAction\":[{\"@type\":\"ReadAction\",\"target\":[\"https:\/\/www.allstrategy.com\/es\/planejamento-de-ferias-empresariais-otimize-a-sua-gestao-orcamentaria\/\"]}]},{\"@type\":\"BreadcrumbList\",\"@id\":\"https:\/\/www.allstrategy.com\/es\/planejamento-de-ferias-empresariais-otimize-a-sua-gestao-orcamentaria\/#breadcrumb\",\"itemListElement\":[{\"@type\":\"ListItem\",\"position\":1,\"name\":\"In\u00edcio\",\"item\":\"https:\/\/www.allstrategy.com\/es\/\"},{\"@type\":\"ListItem\",\"position\":2,\"name\":\"Planejamento de f\u00e9rias empresariais: Otimize a sua gest\u00e3o or\u00e7ament\u00e1ria\"}]},{\"@type\":\"WebSite\",\"@id\":\"https:\/\/www.allstrategy.com\/es\/#website\",\"url\":\"https:\/\/www.allstrategy.com\/es\/\",\"name\":\"AllStrategy - Softwares para Planejamento Or\u00e7ament\u00e1rio e Fluxo de Caixa\",\"description\":\"Softwares para Gest\u00e3o Financeira\",\"potentialAction\":[{\"@type\":\"SearchAction\",\"target\":{\"@type\":\"EntryPoint\",\"urlTemplate\":\"https:\/\/www.allstrategy.com\/es\/?s={search_term_string}\"},\"query-input\":\"required name=search_term_string\"}],\"inLanguage\":\"pt-BR\"},{\"@type\":\"Person\",\"@id\":\"https:\/\/www.allstrategy.com\/es\/#\/schema\/person\/7561a291a6f860a8f6581787b8cfb27c\",\"name\":\"AllStrategy\",\"url\":\"https:\/\/www.allstrategy.com\/es\/author\/allstrategy\/\"}]}<\/script>\n<!-- \/ Yoast SEO plugin. -->","yoast_head_json":{"title":"Planejamento de f\u00e9rias empresariais: Otimize a sua gest\u00e3o or\u00e7ament\u00e1ria - AllStrategy","description":"Operacionalmente, a empresa precisa se organizar para planejar as f\u00e9rias dos colaboradores em meses estrat\u00e9gicos","robots":{"index":"index","follow":"follow","max-snippet":"max-snippet:-1","max-image-preview":"max-image-preview:large","max-video-preview":"max-video-preview:-1"},"canonical":"https:\/\/www.allstrategy.com\/es\/planejamento-de-ferias-empresariais-otimize-a-sua-gestao-orcamentaria\/","og_locale":"pt_BR","og_type":"article","og_title":"Planejamento de f\u00e9rias empresariais: Otimize a sua gest\u00e3o or\u00e7ament\u00e1ria - AllStrategy","og_description":"Operacionalmente, a empresa precisa se organizar para planejar as f\u00e9rias dos colaboradores em meses estrat\u00e9gicos","og_url":"https:\/\/www.allstrategy.com\/es\/planejamento-de-ferias-empresariais-otimize-a-sua-gestao-orcamentaria\/","og_site_name":"AllStrategy","article_publisher":"https:\/\/www.facebook.com\/allstrategy.software\/","article_published_time":"2023-07-14T18:54:50+00:00","article_modified_time":"2023-08-30T18:47:24+00:00","og_image":[{"width":1000,"height":447,"url":"https:\/\/www.allstrategy.com\/es\/wp-content\/uploads\/2023\/07\/vIojGsuts3l5n2Fpu0ig.jpg","type":"image\/jpeg"}],"author":"AllStrategy","twitter_card":"summary_large_image","twitter_misc":{"Escrito por":"AllStrategy","Est. tempo de leitura":"3 minutos"},"schema":{"@context":"https:\/\/schema.org","@graph":[{"@type":"WebPage","@id":"https:\/\/www.allstrategy.com\/es\/planejamento-de-ferias-empresariais-otimize-a-sua-gestao-orcamentaria\/","url":"https:\/\/www.allstrategy.com\/es\/planejamento-de-ferias-empresariais-otimize-a-sua-gestao-orcamentaria\/","name":"Planejamento de f\u00e9rias empresariais: Otimize a sua gest\u00e3o or\u00e7ament\u00e1ria - AllStrategy","isPartOf":{"@id":"https:\/\/www.allstrategy.com\/es\/#website"},"datePublished":"2023-07-14T18:54:50+00:00","dateModified":"2023-08-30T18:47:24+00:00","author":{"@id":"https:\/\/www.allstrategy.com\/es\/#\/schema\/person\/7561a291a6f860a8f6581787b8cfb27c"},"description":"Operacionalmente, a empresa precisa se organizar para planejar as f\u00e9rias dos colaboradores em meses estrat\u00e9gicos","breadcrumb":{"@id":"https:\/\/www.allstrategy.com\/es\/planejamento-de-ferias-empresariais-otimize-a-sua-gestao-orcamentaria\/#breadcrumb"},"inLanguage":"pt-BR","potentialAction":[{"@type":"ReadAction","target":["https:\/\/www.allstrategy.com\/es\/planejamento-de-ferias-empresariais-otimize-a-sua-gestao-orcamentaria\/"]}]},{"@type":"BreadcrumbList","@id":"https:\/\/www.allstrategy.com\/es\/planejamento-de-ferias-empresariais-otimize-a-sua-gestao-orcamentaria\/#breadcrumb","itemListElement":[{"@type":"ListItem","position":1,"name":"In\u00edcio","item":"https:\/\/www.allstrategy.com\/es\/"},{"@type":"ListItem","position":2,"name":"Planejamento de f\u00e9rias empresariais: Otimize a sua gest\u00e3o or\u00e7ament\u00e1ria"}]},{"@type":"WebSite","@id":"https:\/\/www.allstrategy.com\/es\/#website","url":"https:\/\/www.allstrategy.com\/es\/","name":"AllStrategy - Softwares para Planejamento Or\u00e7ament\u00e1rio e Fluxo de Caixa","description":"Softwares para Gest\u00e3o Financeira","potentialAction":[{"@type":"SearchAction","target":{"@type":"EntryPoint","urlTemplate":"https:\/\/www.allstrategy.com\/es\/?s={search_term_string}"},"query-input":"required name=search_term_string"}],"inLanguage":"pt-BR"},{"@type":"Person","@id":"https:\/\/www.allstrategy.com\/es\/#\/schema\/person\/7561a291a6f860a8f6581787b8cfb27c","name":"AllStrategy","url":"https:\/\/www.allstrategy.com\/es\/author\/allstrategy\/"}]}},"_links":{"self":[{"href":"https:\/\/www.allstrategy.com\/es\/wp-json\/wp\/v2\/posts\/3118","targetHints":{"allow":["GET"]}}],"collection":[{"href":"https:\/\/www.allstrategy.com\/es\/wp-json\/wp\/v2\/posts"}],"about":[{"href":"https:\/\/www.allstrategy.com\/es\/wp-json\/wp\/v2\/types\/post"}],"author":[{"embeddable":true,"href":"https:\/\/www.allstrategy.com\/es\/wp-json\/wp\/v2\/users\/2"}],"replies":[{"embeddable":true,"href":"https:\/\/www.allstrategy.com\/es\/wp-json\/wp\/v2\/comments?post=3118"}],"version-history":[{"count":1,"href":"https:\/\/www.allstrategy.com\/es\/wp-json\/wp\/v2\/posts\/3118\/revisions"}],"predecessor-version":[{"id":4078,"href":"https:\/\/www.allstrategy.com\/es\/wp-json\/wp\/v2\/posts\/3118\/revisions\/4078"}],"wp:featuredmedia":[{"embeddable":true,"href":"https:\/\/www.allstrategy.com\/es\/wp-json\/wp\/v2\/media\/3119"}],"wp:attachment":[{"href":"https:\/\/www.allstrategy.com\/es\/wp-json\/wp\/v2\/media?parent=3118"}],"wp:term":[{"taxonomy":"category","embeddable":true,"href":"https:\/\/www.allstrategy.com\/es\/wp-json\/wp\/v2\/categories?post=3118"},{"taxonomy":"post_tag","embeddable":true,"href":"https:\/\/www.allstrategy.com\/es\/wp-json\/wp\/v2\/tags?post=3118"}],"curies":[{"name":"wp","href":"https:\/\/api.w.org\/{rel}","templated":true}]}}